{"id":11043,"date":"2026-06-17T10:59:02","date_gmt":"2026-06-17T14:59:02","guid":{"rendered":"https:\/\/canue.ca\/fr\/?p=11043"},"modified":"2026-09-03T14:34:14","modified_gmt":"2026-09-03T18:34:14","slug":"fredericton-mise-sur-les-forets-nourricieres-pour-renforcer-sa-resilience-climatique","status":"publish","type":"post","link":"https:\/\/canue.ca\/fr\/fredericton-mise-sur-les-forets-nourricieres-pour-renforcer-sa-resilience-climatique\/","title":{"rendered":"Fredericton mise sur les for\u00eats nourrici\u00e8res pour renforcer sa r\u00e9silience climatique"},"content":{"rendered":"\t\t<div data-elementor-type=\"wp-post\" data-elementor-id=\"11043\" class=\"elementor elementor-11043\" data-elementor-post-type=\"post\">\n\t\t\t\t<div class=\"elementor-element elementor-element-adb4946 e-flex e-con-boxed e-con e-parent\" data-id=\"adb4946\" data-element_type=\"container\" data-e-type=\"container\">\n\t\t\t\t\t<div class=\"e-con-inner\">\n\t\t<div class=\"elementor-element elementor-element-15400f6 e-con-full e-flex e-con e-child\" data-id=\"15400f6\" data-element_type=\"container\" data-e-type=\"container\">\n\t\t\t\t<div class=\"elementor-element elementor-element-2813012 elementor-pagination-position-outside elementor-widget elementor-widget-image-carousel\" data-id=\"2813012\" data-element_type=\"widget\" data-e-type=\"widget\" data-settings=\"{&quot;slides_to_show&quot;:&quot;1&quot;,&quot;navigation&quot;:&quot;dots&quot;,&quot;autoplay&quot;:&quot;yes&quot;,&quot;pause_on_hover&quot;:&quot;yes&quot;,&quot;pause_on_interaction&quot;:&quot;yes&quot;,&quot;autoplay_speed&quot;:5000,&quot;infinite&quot;:&quot;yes&quot;,&quot;effect&quot;:&quot;slide&quot;,&quot;speed&quot;:500}\" data-widget_type=\"image-carousel.default\">\n\t\t\t\t\t\t\t<div class=\"elementor-image-carousel-wrapper swiper\" role=\"region\" aria-roledescription=\"carousel\" aria-label=\"Image Carousel\" dir=\"ltr\">\n\t\t\t<div class=\"elementor-image-carousel swiper-wrapper\" aria-live=\"off\">\n\t\t\t\t\t\t\t\t<div class=\"swiper-slide\" role=\"group\" aria-roledescription=\"slide\" aria-label=\"1 of 1\"><figure class=\"swiper-slide-inner\"><img decoding=\"async\" class=\"swiper-slide-image\" src=\"https:\/\/canue.ca\/fr\/wp-content\/uploads\/elementor\/thumbs\/Fredericton-Planting-Fruit-Trees-1-rsvfrmn13ca3u2el3ya4kj4halmbwwxi57f90qy2d0.jpeg\" alt=\"Fredericton-Planting Fruit Trees 1\" \/><\/figure><\/div>\t\t\t<\/div>\n\t\t\t\t\t<\/div>\n\t\t\t\t\t\t<\/div>\n\t\t\t\t<div class=\"elementor-element elementor-element-d1badfd elementor-widget elementor-widget-text-editor\" data-id=\"d1badfd\" data-element_type=\"widget\" data-e-type=\"widget\" data-widget_type=\"text-editor.default\">\n\t\t\t\t\t\t\t\t\t<p><em><strong>Source de l&#8217;image :<br \/><\/strong><\/em><em>Ville de Fredericton &#8211; plantation d&#8217;arbres<\/em><\/p><p><strong>Texte \u00e9crit par Kim Perrotta MHSc<\/strong><\/p>\t\t\t\t\t\t\t\t<\/div>\n\t\t\t\t<div class=\"elementor-element elementor-element-7cbb3b0 elementor-widget elementor-widget-text-editor\" data-id=\"7cbb3b0\" data-element_type=\"widget\" data-e-type=\"widget\" data-widget_type=\"text-editor.default\">\n\t\t\t\t\t\t\t\t\t<p><span style=\"font-weight: 400;\">En 2025, la Ville de Fredericton a lanc\u00e9 un nouveau projet pilote de for\u00eat nourrici\u00e8re en r\u00e9ponse aux demandes de la communaut\u00e9. L\u2019objectif est de planter des arbres fruitiers dans les parcs \u00e0 l\u2019usage de la communaut\u00e9. Ce programme d\u00e9coule du travail de la Ville sur l\u2019adaptation aux changements climatiques et de l\u2019\u00e9laboration de sa Strat\u00e9gie de gestion de la for\u00eat urbaine.\u00a0\u00a0<\/span><\/p><p><b>Plan d\u2019adaptation aux changements climatiques\u00a0<\/b><\/p><p><span style=\"font-weight: 400;\">Les changements climatiques d\u2019origine humaine font augmenter les temp\u00e9ratures en \u00e9t\u00e9 et en hiver, et accroissent le risque de s\u00e9cheresse, tout en multipliant le nombre et l\u2019intensit\u00e9 des pluies abondantes, des temp\u00eates, des inondations et des crues prolong\u00e9es dans la Ville de Fredericton, au Nouveau-Brunswick. Alors que la Ville s\u2019efforce de r\u00e9duire ses gaz \u00e0 effet de serre, elle a \u00e9galement pr\u00e9par\u00e9 un <\/span><a href=\"https:\/\/www.fredericton.ca\/sites\/default\/files\/2023-05\/cof_climate-change-adaptation_report-fr_web.pdf\" target=\"_blank\" rel=\"noopener noreferrer nofollow\"><span style=\"font-weight: 400;\">Plan d\u2019adaptation aux changements climatiques<\/span><\/a><span style=\"font-weight: 400;\"> afin de se pr\u00e9parer aux changements climatiques d\u00e9sormais in\u00e9vitables. Publi\u00e9 en 2019, ce plan identifie six objectifs\u00a0:\u00a0<\/span><\/p><ol><li style=\"font-weight: 400;\" aria-level=\"1\"><span style=\"font-weight: 400;\">Maintenir la sant\u00e9 et la s\u00e9curit\u00e9<\/span><\/li><li style=\"font-weight: 400;\" aria-level=\"1\"><span style=\"font-weight: 400;\">Minimiser les risques pour les b\u00e2timents et les propri\u00e9t\u00e9s\u00a0<\/span><\/li><li style=\"font-weight: 400;\" aria-level=\"1\"><span style=\"font-weight: 400;\">Renforcer la r\u00e9silience des infrastructures municipales de base<\/span><\/li><li style=\"font-weight: 400;\" aria-level=\"1\"><span style=\"font-weight: 400;\">Renforcer la r\u00e9silience des infrastructures et des atouts naturels\u00a0<\/span><\/li><li style=\"font-weight: 400;\" aria-level=\"1\"><span style=\"font-weight: 400;\">Minimiser les perturbations des services et programmes municipaux offerts\u00a0<\/span><\/li><li style=\"font-weight: 400;\" aria-level=\"1\"><span style=\"font-weight: 400;\">Cr\u00e9er des partenariats et mobiliser la communaut\u00e9<\/span><\/li><\/ol><p><span style=\"font-weight: 400;\">Trois des recommandations incluses dans ces objectifs s\u2019alignent sur le projet pilote de for\u00eat nourrici\u00e8re et le soutiennent\u00a0:\u00a0<\/span><\/p><ul><li style=\"font-weight: 400;\" aria-level=\"1\"><span style=\"font-weight: 400;\">Recommandation 1.4 \u2013 Dans la mesure du possible, maintenir et continuer \u00e0 int\u00e9grer des structures d\u2019ombrage et\/ou de refroidissement naturelles et construites dans les infrastructures publiques et les espaces publics.<\/span><\/li><li style=\"font-weight: 400;\" aria-level=\"1\"><span style=\"font-weight: 400;\">Recommandation 4.8 \u2013 Continuer \u00e0 int\u00e9grer les enjeux li\u00e9s \u00e0 l\u2019adaptation aux changements climatiques dans les plans et les pratiques relatifs aux parcs municipaux, notamment en mettant l\u2019accent sur la pr\u00e9servation de la biodiversit\u00e9 et de l\u2019\u00e9cosyst\u00e8me, l\u2019utilisation d\u2019esp\u00e8ces indig\u00e8nes, l\u2019am\u00e9nagement d\u2019espaces aquatiques et ombrag\u00e9s, un couvert arbor\u00e9 ad\u00e9quat et des syst\u00e8mes de drainage naturels.<\/span><\/li><li style=\"font-weight: 400;\" aria-level=\"1\"><span style=\"font-weight: 400;\">Recommandation 6.2 \u2013 Demeurer engag\u00e9 dans les travaux sur les changements climatiques r\u00e9alis\u00e9s par les individus, les groupes et les entreprises de notre communaut\u00e9.<\/span><\/li><\/ul><p><i><span style=\"font-weight: 400;\">\u201cNous sommes actuellement en train de renouveler notre plan d\u2019adaptation aux changements climatiques,\u201d a indiqu\u00e9 <\/span><\/i><b><i>Jillian Hudgins,<\/i><\/b> <b><i>Strat\u00e8ge environnementale &amp; gestionnaire de programme pour la Ville de Fredericton.<\/i><\/b><i><span style=\"font-weight: 400;\"> \u201cLes inondations et les chaleurs extr\u00eames sont de v\u00e9ritables pr\u00e9occupations dans notre communaut\u00e9, de sorte que les questions li\u00e9es aux arbres, aux espaces verts et aux parcs sont des sujets importants pour nos r\u00e9sidents, tout comme la s\u00e9curit\u00e9 alimentaire.\u201d<\/span><\/i><\/p><p><b>Strat\u00e9gie de gestion de la for\u00eat urbaine<\/b><\/p><p><span style=\"font-weight: 400;\">Pour atteindre l\u2019objectif no\u00a04 du Plan d\u2019adaptation aux changements climatiques, <\/span><i><span style=\"font-weight: 400;\">Renforcer la r\u00e9silience des infrastructures et des actifs naturels<\/span><\/i><span style=\"font-weight: 400;\">, la Ville a effectu\u00e9 une \u00e9valuation de sa for\u00eat urbaine et rurale, consult\u00e9 le public et \u00e9labor\u00e9 une <\/span><a href=\"http:\/\/www.fredericton.ca\/sites\/default\/files\/2025-05\/Urban%20Forest%20Management%20Strategy.pdf\" target=\"_blank\" rel=\"noopener noreferrer nofollow\"><span style=\"font-weight: 400;\">Strat\u00e9gie de gestion de la for\u00eat urbaine<\/span><\/a><span style=\"font-weight: 400;\">.\u00a0 Cette strat\u00e9gie s\u2019applique \u00e0 \u201ctous les arbres dans les limites g\u00e9ographiques de la Ville de Fredericton, y compris les arbres de rue, les for\u00eats, les terrains priv\u00e9s, les parcs et les espaces naturels\u201d.\u00a0\u00a0<\/span><\/p><p><span style=\"font-weight: 400;\">La Ville affiche un couvert arbor\u00e9 tr\u00e8s \u00e9lev\u00e9 par rapport aux autres villes canadiennes. Pour les arbres d\u2019une hauteur sup\u00e9rieure \u00e0 2 m\u00e8tres, Fredericton affiche une couverture moyenne de la canop\u00e9e de 63,4\u00a0%, dont 44,2\u00a0% en zone urbaine et 69,6\u00a0% en zone rurale.\u00a0 Son <\/span><a href=\"https:\/\/naturecanada.ca\/wp-content\/uploads\/2022\/09\/Nature-Canada-Report-Tree-Equity.pdf\" target=\"_blank\" rel=\"noopener noreferrer nofollow\"><span style=\"font-weight: 400;\">couvert arbor\u00e9 urbain<\/span><\/a><span style=\"font-weight: 400;\"> est bien sup\u00e9rieur \u00e0 celui de Toronto (28\u00a0%), de Vancouver (23\u00a0%), de Montr\u00e9al (20\u00a0%) et de Calgary (8\u00a0%). \u00a0 La Ville s\u2019est engag\u00e9e \u00e0 maintenir ce couvert et \u00e0 renforcer la r\u00e9silience de sa for\u00eat face aux impacts des changements climatiques, aux ravageurs introduits et existants, ainsi qu\u2019aux pressions du d\u00e9veloppement en portant son objectif de plantation \u00e0 750-1000 arbres par ann\u00e9e et en diversifiant les essences arbor\u00e9es \u00e0 travers la communaut\u00e9.\u00a0\u00a0<\/span><\/p><p><b>Int\u00e9grer l\u2019\u00e9quit\u00e9 dans la Strat\u00e9gie foresti\u00e8re<\/b><\/p><p><span style=\"font-weight: 400;\">L\u2019\u00e9valuation r\u00e9alis\u00e9e pour la strat\u00e9gie foresti\u00e8re a inclus l\u2019\u00e9laboration d\u2019un indice socio\u00e9conomique \u00e0 partir des aires de diffusion (AD) du Recensement du Canada . Les valeurs m\u00e9dianes des AD ont \u00e9t\u00e9 calcul\u00e9es pour plusieurs facteurs, dont le niveau <\/span><span style=\"font-weight: 400;\">d\u2019\u00e9ducation et le revenu annuel. Les populations des AD ayant des niveaux d\u2019\u00e9ducation et de revenu sup\u00e9rieurs \u00e0 la m\u00e9diane ont \u00e9t\u00e9 consid\u00e9r\u00e9es comme moins vuln\u00e9rables aux chaleurs extr\u00eames, tandis que celles ayant des niveaux inf\u00e9rieurs \u00e0 la m\u00e9diane ont \u00e9t\u00e9 jug\u00e9es plus vuln\u00e9rables. Ces ensembles de donn\u00e9es socio\u00e9conomiques ont ensuite \u00e9t\u00e9 superpos\u00e9s aux donn\u00e9es sur les temp\u00e9ratures estivales moyennes et maximales afin d\u2019identifier les AD pr\u00e9sentant \u00e0 la fois une exposition \u00e0 des temp\u00e9ratures estivales plus \u00e9lev\u00e9es et des populations plus susceptibles d\u2019en subir les cons\u00e9quences. Il a \u00e9t\u00e9 recommand\u00e9 que la pr\u00e9sence de ces facteurs soit l\u2019un des \u00e9l\u00e9ments pris en compte lors de la priorisation des futures plantations d\u2019arbres et de la protection des arbres existants.<\/span><\/p><p><i><span style=\"font-weight: 400;\">\u201cPlanter des arbres dans les quartiers o\u00f9 s\u2019installent les nouveaux arrivants de notre Ville est vraiment important,\u201d a d\u00e9clar\u00e9 <\/span><\/i><b><i>Rich Hall, forestier municipal de la Ville de Fredericton.<\/i><\/b><i><span style=\"font-weight: 400;\"> \u201cBeaucoup de nouveaux arrivants dans notre Ville vivent dans des quartiers \u00e0 haute densit\u00e9 et n\u2019ont pas de cour arri\u00e8re, alors ils utilisent vraiment bien nos parcs pour les barbecues et les sorties en famille durant les mois d\u2019\u00e9t\u00e9. Nous voulons nous assurer que les parcs de leurs quartiers offrent de l\u2019ombre et d\u2019autres am\u00e9nagements qui en font des endroits frais et agr\u00e9ables pour les r\u00e9sidents de ces quartiers.\u201d\u00a0\u00a0<\/span><\/i><\/p><p><b>La consultation publique a men\u00e9 \u00e0 la for\u00eat nourrici\u00e8re<\/b><\/p><p><span style=\"font-weight: 400;\">La consultation publique dans le cadre de la Strat\u00e9gie de gestion de la for\u00eat urbaine de la Ville comprenait une journ\u00e9e portes ouvertes, des soumissions \u00e9crites ainsi qu\u2019une consultation en ligne comprenant une cartographie interactive, du contenu vid\u00e9o et le rapport pr\u00e9liminaire. Certaines soumissions ont mis en avant des id\u00e9es qui n\u2019avaient pas \u00e9t\u00e9 propos\u00e9es par le personnel. L\u2019une d\u2019elles \u00e9tait la plantation d\u2019arbres fruitiers ou de for\u00eats nourrici\u00e8res dans les parcs de la Ville. Cette id\u00e9e a \u00e9t\u00e9 soulev\u00e9e \u00e0 plusieurs reprises par des r\u00e9sidents individuels ainsi que par des groupes de r\u00e9sidents. Par cons\u00e9quent, une recommandation a \u00e9t\u00e9 ajout\u00e9e \u00e0 la strat\u00e9gie pour s\u00e9lectionner un parc et planter des arbres fruitiers dans le cadre d\u2019un projet pilote.\u00a0\u00a0<\/span><\/p><p><i><span style=\"font-weight: 400;\">\u201cNous avons choisi un parc, le parc Wilmot, pour notre projet pilote. Il est tr\u00e8s fr\u00e9quent\u00e9 par les camps d\u2019\u00e9t\u00e9 et se trouve pr\u00e8s d\u2019un centre communautaire multiculturel\u201d a expliqu\u00e9 <\/span><\/i><b><i>Victoria Cray, technicienne foresti\u00e8re \u00e0 la Ville de Fredericton<\/i><\/b><i><span style=\"font-weight: 400;\">.\u00a0 \u201cNous avons achet\u00e9 30 arbres fruitiers. Nous avons s\u00e9lectionn\u00e9 cinq esp\u00e8ces diff\u00e9rentes\u00a0: cerisier, pommier, p\u00eacher, prunier et m\u00fbrier. Nous les avons plant\u00e9s avec des plantes compagnes qui contribuent \u00e0 \u00e9loigner les ravageurs, ainsi qu\u2019avec des plantes pouvant \u00eatre utilis\u00e9es comme herbes aromatiques ou m\u00e9dicinales, et avec des plantes qui favorisent les pollinisateurs\u201d.<\/span><\/i><\/p><p><i><span style=\"font-weight: 400;\">\u201cL\u2019\u00e9t\u00e9 dernier \u00e9tait notre premier \u00e9t\u00e9 avec le projet pilote de for\u00eat nourrici\u00e8re, il est donc trop t\u00f4t pour dire comment cela va \u00e9voluer,\u201d a expliqu\u00e9 <\/span><\/i><b><i>Hall. <\/i><\/b><i><span style=\"font-weight: 400;\">\u00a0\u201cIl faudra 5 \u00e0 8 ans avant d&#8217;obtenir des fruits de nos arbres, mais les gens semblent d\u00e9j\u00e0 vraiment enthousiastes face \u00e0 ce projet. Le personnel a d\u00e9j\u00e0 remarqu\u00e9 que des gens utilisent les herbes et les autres plantes qui ont \u00e9t\u00e9 plant\u00e9es avec les arbres.\u201d<\/span><\/i><\/p><p><i><span style=\"font-weight: 400;\">\u201cLe projet pilote de la for\u00eat nourrici\u00e8re pr\u00e9sente de nombreux avantages connexes,\u201d a soulign\u00e9 <\/span><\/i><b><i>Hudgins.<\/i><\/b><i><span style=\"font-weight: 400;\">\u00a0 \u201cAvec le temps, les arbres fourniront de l\u2019ombre et des fruits dans un quartier sous-desservi qui conna\u00eet des temp\u00e9ratures plus \u00e9lev\u00e9es et une ins\u00e9curit\u00e9 alimentaire. Mais d\u00e9j\u00e0, le processus de plantation des arbres, des herbes et des fleurs dans ce parc a contribu\u00e9 \u00e0 cr\u00e9er un sentiment de communaut\u00e9 dans ce quartier. La coh\u00e9sion sociale est un \u00e9l\u00e9ment important de la r\u00e9silience climatique; elle peut sauver des vies lors d\u2019un \u00e9pisode de chaleur extr\u00eame.\u201d\u00a0\u00a0<\/span><\/i><\/p>\t\t\t\t\t\t\t\t<\/div>\n\t\t\t\t<\/div>\n\t\t\t\t\t<\/div>\n\t\t\t\t<\/div>\n\t\t<div class=\"elementor-element elementor-element-e398fb7 e-flex e-con-boxed e-con e-parent\" data-id=\"e398fb7\" data-element_type=\"container\" data-e-type=\"container\">\n\t\t\t\t\t<div class=\"e-con-inner\">\n\t\t\t\t<div class=\"elementor-element elementor-element-566c5f5 elementor-widget-divider--view-line elementor-widget elementor-widget-divider\" data-id=\"566c5f5\" data-element_type=\"widget\" data-e-type=\"widget\" data-widget_type=\"divider.default\">\n\t\t\t\t\t\t\t<div class=\"elementor-divider\">\n\t\t\t<span class=\"elementor-divider-separator\">\n\t\t\t\t\t\t<\/span>\n\t\t<\/div>\n\t\t\t\t\t\t<\/div>\n\t\t\t\t\t<\/div>\n\t\t\t\t<\/div>\n\t\t<div class=\"elementor-element elementor-element-145f513 e-flex e-con-boxed e-con e-parent\" data-id=\"145f513\" data-element_type=\"container\" data-e-type=\"container\">\n\t\t\t\t\t<div class=\"e-con-inner\">\n\t\t\t\t<div class=\"elementor-element elementor-element-578df9a elementor-widget elementor-widget-text-editor\" data-id=\"578df9a\" data-element_type=\"widget\" data-e-type=\"widget\" data-widget_type=\"text-editor.default\">\n\t\t\t\t\t\t\t\t\t<p><span class=\"NormalTextRun SCXW105014925 BCX0\">Ce projet\u00a0<\/span><span class=\"NormalTextRun SCXW105014925 BCX0\">est\u00a0<\/span><span class=\"NormalTextRun SCXW105014925 BCX0\">r\u00e9alis\u00e9 gr\u00e2ce au financement du Fonds municipal vert de la F\u00e9d\u00e9ration canadienne des municipalit\u00e9s<br \/>et du gouvernement du Canada.<\/span><\/p>\t\t\t\t\t\t\t\t<\/div>\n\t\t\t\t\t<\/div>\n\t\t\t\t<\/div>\n\t\t<div class=\"elementor-element elementor-element-208b4d1 e-flex e-con-boxed e-con e-parent\" data-id=\"208b4d1\" data-element_type=\"container\" data-e-type=\"container\">\n\t\t\t\t\t<div class=\"e-con-inner\">\n\t\t\t\t<div class=\"elementor-element elementor-element-146da76 elementor-widget elementor-widget-image\" data-id=\"146da76\" data-element_type=\"widget\" data-e-type=\"widget\" data-widget_type=\"image.default\">\n\t\t\t\t\t\t\t\t\t\t\t\t\t\t\t<img fetchpriority=\"high\" decoding=\"async\" width=\"356\" height=\"199\" src=\"https:\/\/canue.ca\/fr\/wp-content\/uploads\/2025\/05\/logo-fcm-fr.png\" class=\"attachment-large size-large wp-image-10572\" alt=\"CANUE | Fredericton mise sur les for\u00eats nourrici\u00e8res pour renforcer sa r\u00e9silience climatiquelogo fcm fr\" srcset=\"https:\/\/canue.ca\/fr\/wp-content\/uploads\/2025\/05\/logo-fcm-fr.png 356w, https:\/\/canue.ca\/fr\/wp-content\/uploads\/2025\/05\/logo-fcm-fr-300x168.png 300w\" sizes=\"(max-width: 356px) 100vw, 356px\" title=\"CANUE | Fredericton mise sur les for\u00eats nourrici\u00e8res pour renforcer sa r\u00e9silience climatiquelogo fcm fr\" \/>\t\t\t\t\t\t\t\t\t\t\t\t\t\t\t<\/div>\n\t\t\t\t\t<\/div>\n\t\t\t\t<\/div>\n\t\t\t\t<\/div>\n\t\t","protected":false},"excerpt":{"rendered":"<p>Source de l&#8217;image :Ville de Fredericton &#8211; plantation d&#8217;arbres Texte \u00e9crit par Kim Perrotta MHSc En 2025, la Ville de Fredericton a lanc\u00e9 un nouveau projet pilote de for\u00eat nourrici\u00e8re en r\u00e9ponse aux demandes de la communaut\u00e9. L\u2019objectif est de planter des arbres fruitiers dans les parcs \u00e0 l\u2019usage de la communaut\u00e9. Ce programme d\u00e9coule [&hellip;]<\/p>\n","protected":false},"author":8,"featured_media":11050,"comment_status":"closed","ping_status":"closed","sticky":false,"template":"","format":"standard","meta":{"_acf_changed":false,"footnotes":""},"categories":[38],"tags":[],"class_list":["post-11043","post","type-post","status-publish","format-standard","has-post-thumbnail","hentry","category-case-studies"],"acf":[],"aioseo_notices":[],"aioseo_head":"\n\t\t<!-- All in One SEO 5.0.1.1 - aioseo.com -->\n\t<meta name=\"description\" content=\"Source de l\u2019image :Ville de Fredericton \u2013 plantation d\u2019arbresTexte \u00e9crit par Kim Perrotta MHSc En 2025, la Ville de Fredericton a lanc\u00e9 un nouveau projet pilote de for\u00eat nourrici\u00e8re en r\u00e9ponse aux demandes de la communaut\u00e9. L\u2019objectif est de planter des arbres fruitiers dans les parcs \u00e0 l\u2019usage de la communaut\u00e9. Ce programme d\u00e9coule du\" \/>\n\t<meta name=\"robots\" content=\"max-image-preview:large\" \/>\n\t<meta name=\"author\" content=\"Marie Admin\"\/>\n\t<link rel=\"canonical\" href=\"https:\/\/canue.ca\/fr\/fredericton-mise-sur-les-forets-nourricieres-pour-renforcer-sa-resilience-climatique\/\" \/>\n\t<meta name=\"generator\" content=\"All in One SEO (AIOSEO) 5.0.1.1\" \/>\n\t\t<meta property=\"og:locale\" content=\"en_US\" \/>\n\t\t<meta property=\"og:site_name\" content=\"CANUE - CANUE d\u00e9veloppe et fournit des donn\u00e9es environnementales pour soutenir la recherche en mati\u00e8re de sant\u00e9 \u00e0 travers le Canada.\" \/>\n\t\t<meta property=\"og:type\" content=\"article\" \/>\n\t\t<meta property=\"og:title\" content=\"Fredericton mise sur les for\u00eats nourrici\u00e8res pour renforcer sa r\u00e9silience climatique - CANUE\" \/>\n\t\t<meta property=\"og:description\" content=\"Source de l\u2019image :Ville de Fredericton \u2013 plantation d\u2019arbresTexte \u00e9crit par Kim Perrotta MHSc En 2025, la Ville de Fredericton a lanc\u00e9 un nouveau projet pilote de for\u00eat nourrici\u00e8re en r\u00e9ponse aux demandes de la communaut\u00e9. L\u2019objectif est de planter des arbres fruitiers dans les parcs \u00e0 l\u2019usage de la communaut\u00e9. Ce programme d\u00e9coule du\" \/>\n\t\t<meta property=\"og:url\" content=\"https:\/\/canue.ca\/fr\/fredericton-mise-sur-les-forets-nourricieres-pour-renforcer-sa-resilience-climatique\/\" \/>\n\t\t<meta property=\"og:image\" content=\"https:\/\/canue.ca\/fr\/wp-content\/uploads\/2024\/07\/CANUE-Logo-Outlined.svg\" \/>\n\t\t<meta property=\"og:image:secure_url\" content=\"https:\/\/canue.ca\/fr\/wp-content\/uploads\/2024\/07\/CANUE-Logo-Outlined.svg\" \/>\n\t\t<meta property=\"og:image:width\" content=\"121\" \/>\n\t\t<meta property=\"og:image:height\" content=\"120\" \/>\n\t\t<meta property=\"article:published_time\" content=\"2026-06-17T14:59:02+00:00\" \/>\n\t\t<meta property=\"article:modified_time\" content=\"2026-09-03T18:34:14+00:00\" \/>\n\t\t<meta name=\"twitter:card\" content=\"summary_large_image\" \/>\n\t\t<meta name=\"twitter:site\" content=\"@CANUEConsortium\" \/>\n\t\t<meta name=\"twitter:title\" content=\"Fredericton mise sur les for\u00eats nourrici\u00e8res pour renforcer sa r\u00e9silience climatique - CANUE\" \/>\n\t\t<meta name=\"twitter:description\" content=\"Source de l\u2019image :Ville de Fredericton \u2013 plantation d\u2019arbresTexte \u00e9crit par Kim Perrotta MHSc En 2025, la Ville de Fredericton a lanc\u00e9 un nouveau projet pilote de for\u00eat nourrici\u00e8re en r\u00e9ponse aux demandes de la communaut\u00e9. L\u2019objectif est de planter des arbres fruitiers dans les parcs \u00e0 l\u2019usage de la communaut\u00e9. Ce programme d\u00e9coule du\" \/>\n\t\t<meta name=\"twitter:creator\" content=\"@CANUEConsortium\" \/>\n\t\t<meta name=\"twitter:image\" content=\"https:\/\/canue.ca\/fr\/wp-content\/uploads\/2024\/07\/CANUE-Logo-Outlined.svg\" \/>\n\t\t<script type=\"application\/ld+json\" class=\"aioseo-schema\">\n\t\t\t{\"@context\":\"https:\\\/\\\/schema.org\",\"@graph\":[{\"@type\":\"BlogPosting\",\"@id\":\"https:\\\/\\\/canue.ca\\\/fr\\\/fredericton-mise-sur-les-forets-nourricieres-pour-renforcer-sa-resilience-climatique\\\/#blogposting\",\"name\":\"Fredericton mise sur les for\\u00eats nourrici\\u00e8res pour renforcer sa r\\u00e9silience climatique - CANUE\",\"headline\":\"Fredericton mise sur les for\\u00eats nourrici\\u00e8res pour renforcer sa r\\u00e9silience climatique\",\"author\":{\"@id\":\"https:\\\/\\\/canue.ca\\\/fr\\\/author\\\/7f14ca67db6c1fe5\\\/#author\"},\"publisher\":{\"@id\":\"https:\\\/\\\/canue.ca\\\/fr\\\/#organization\"},\"image\":{\"@type\":\"ImageObject\",\"url\":\"https:\\\/\\\/canue.ca\\\/fr\\\/wp-content\\\/uploads\\\/2026\\\/09\\\/Fredericton-Planting-Fruit-Trees-1.jpeg\",\"width\":1542,\"height\":2048},\"datePublished\":\"2026-06-17T10:59:02-04:00\",\"dateModified\":\"2026-09-03T14:34:14-04:00\",\"inLanguage\":\"en-US\",\"mainEntityOfPage\":{\"@id\":\"https:\\\/\\\/canue.ca\\\/fr\\\/fredericton-mise-sur-les-forets-nourricieres-pour-renforcer-sa-resilience-climatique\\\/#webpage\"},\"isPartOf\":{\"@id\":\"https:\\\/\\\/canue.ca\\\/fr\\\/fredericton-mise-sur-les-forets-nourricieres-pour-renforcer-sa-resilience-climatique\\\/#webpage\"},\"articleSection\":\"Villes et climat \\u00c9tudes de cas\"},{\"@type\":\"BreadcrumbList\",\"@id\":\"https:\\\/\\\/canue.ca\\\/fr\\\/fredericton-mise-sur-les-forets-nourricieres-pour-renforcer-sa-resilience-climatique\\\/#breadcrumblist\",\"itemListElement\":[{\"@type\":\"ListItem\",\"@id\":\"https:\\\/\\\/canue.ca\\\/fr#listItem\",\"position\":1,\"name\":\"Home\",\"item\":\"https:\\\/\\\/canue.ca\\\/fr\",\"nextItem\":{\"@type\":\"ListItem\",\"@id\":\"https:\\\/\\\/canue.ca\\\/fr\\\/category\\\/case-studies\\\/#listItem\",\"name\":\"Villes et climat \\u00c9tudes de cas\"}},{\"@type\":\"ListItem\",\"@id\":\"https:\\\/\\\/canue.ca\\\/fr\\\/category\\\/case-studies\\\/#listItem\",\"position\":2,\"name\":\"Villes et climat \\u00c9tudes de cas\",\"item\":\"https:\\\/\\\/canue.ca\\\/fr\\\/category\\\/case-studies\\\/\",\"nextItem\":{\"@type\":\"ListItem\",\"@id\":\"https:\\\/\\\/canue.ca\\\/fr\\\/fredericton-mise-sur-les-forets-nourricieres-pour-renforcer-sa-resilience-climatique\\\/#listItem\",\"name\":\"Fredericton mise sur les for\\u00eats nourrici\\u00e8res pour renforcer sa r\\u00e9silience climatique\"},\"previousItem\":{\"@type\":\"ListItem\",\"@id\":\"https:\\\/\\\/canue.ca\\\/fr#listItem\",\"name\":\"Home\"}},{\"@type\":\"ListItem\",\"@id\":\"https:\\\/\\\/canue.ca\\\/fr\\\/fredericton-mise-sur-les-forets-nourricieres-pour-renforcer-sa-resilience-climatique\\\/#listItem\",\"position\":3,\"name\":\"Fredericton mise sur les for\\u00eats nourrici\\u00e8res pour renforcer sa r\\u00e9silience climatique\",\"previousItem\":{\"@type\":\"ListItem\",\"@id\":\"https:\\\/\\\/canue.ca\\\/fr\\\/category\\\/case-studies\\\/#listItem\",\"name\":\"Villes et climat \\u00c9tudes de cas\"}}]},{\"@type\":\"Organization\",\"@id\":\"https:\\\/\\\/canue.ca\\\/fr\\\/#organization\",\"name\":\"CANUE\",\"description\":\"CANUE d\\u00e9veloppe et fournit des donn\\u00e9es environnementales pour soutenir la recherche en mati\\u00e8re de sant\\u00e9 \\u00e0 travers le Canada.\",\"url\":\"https:\\\/\\\/canue.ca\\\/fr\\\/\",\"logo\":{\"@type\":\"ImageObject\",\"url\":\"https:\\\/\\\/canue.ca\\\/fr\\\/wp-content\\\/uploads\\\/2024\\\/07\\\/CANUE-Logo-Outlined.svg\",\"@id\":\"https:\\\/\\\/canue.ca\\\/fr\\\/fredericton-mise-sur-les-forets-nourricieres-pour-renforcer-sa-resilience-climatique\\\/#organizationLogo\",\"width\":121,\"height\":120},\"image\":{\"@id\":\"https:\\\/\\\/canue.ca\\\/fr\\\/fredericton-mise-sur-les-forets-nourricieres-pour-renforcer-sa-resilience-climatique\\\/#organizationLogo\"},\"sameAs\":[\"https:\\\/\\\/twitter.com\\\/CANUEConsortium\",\"https:\\\/\\\/www.youtube.com\\\/channel\\\/UClPtl085m2d6eTHTNkVm94w\"]},{\"@type\":\"Person\",\"@id\":\"https:\\\/\\\/canue.ca\\\/fr\\\/author\\\/7f14ca67db6c1fe5\\\/#author\",\"url\":\"https:\\\/\\\/canue.ca\\\/fr\\\/author\\\/7f14ca67db6c1fe5\\\/\",\"name\":\"Marie Admin\",\"image\":{\"@type\":\"ImageObject\",\"@id\":\"https:\\\/\\\/canue.ca\\\/fr\\\/fredericton-mise-sur-les-forets-nourricieres-pour-renforcer-sa-resilience-climatique\\\/#authorImage\",\"url\":\"https:\\\/\\\/secure.gravatar.com\\\/avatar\\\/e303344f74b45d9762c7bd7518c6146440258d979a8d4b0872b9170758b99888?s=96&d=mm&r=g\",\"width\":96,\"height\":96,\"caption\":\"Marie Admin\"}},{\"@type\":\"WebPage\",\"@id\":\"https:\\\/\\\/canue.ca\\\/fr\\\/fredericton-mise-sur-les-forets-nourricieres-pour-renforcer-sa-resilience-climatique\\\/#webpage\",\"url\":\"https:\\\/\\\/canue.ca\\\/fr\\\/fredericton-mise-sur-les-forets-nourricieres-pour-renforcer-sa-resilience-climatique\\\/\",\"name\":\"Fredericton mise sur les for\\u00eats nourrici\\u00e8res pour renforcer sa r\\u00e9silience climatique - CANUE\",\"description\":\"Source de l\\u2019image :Ville de Fredericton \\u2013 plantation d\\u2019arbresTexte \\u00e9crit par Kim Perrotta MHSc En 2025, la Ville de Fredericton a lanc\\u00e9 un nouveau projet pilote de for\\u00eat nourrici\\u00e8re en r\\u00e9ponse aux demandes de la communaut\\u00e9. L\\u2019objectif est de planter des arbres fruitiers dans les parcs \\u00e0 l\\u2019usage de la communaut\\u00e9. Ce programme d\\u00e9coule du\",\"inLanguage\":\"en-US\",\"isPartOf\":{\"@id\":\"https:\\\/\\\/canue.ca\\\/fr\\\/#website\"},\"breadcrumb\":{\"@id\":\"https:\\\/\\\/canue.ca\\\/fr\\\/fredericton-mise-sur-les-forets-nourricieres-pour-renforcer-sa-resilience-climatique\\\/#breadcrumblist\"},\"author\":{\"@id\":\"https:\\\/\\\/canue.ca\\\/fr\\\/author\\\/7f14ca67db6c1fe5\\\/#author\"},\"creator\":{\"@id\":\"https:\\\/\\\/canue.ca\\\/fr\\\/author\\\/7f14ca67db6c1fe5\\\/#author\"},\"image\":{\"@type\":\"ImageObject\",\"url\":\"https:\\\/\\\/canue.ca\\\/fr\\\/wp-content\\\/uploads\\\/2026\\\/09\\\/Fredericton-Planting-Fruit-Trees-1.jpeg\",\"@id\":\"https:\\\/\\\/canue.ca\\\/fr\\\/fredericton-mise-sur-les-forets-nourricieres-pour-renforcer-sa-resilience-climatique\\\/#mainImage\",\"width\":1542,\"height\":2048},\"primaryImageOfPage\":{\"@id\":\"https:\\\/\\\/canue.ca\\\/fr\\\/fredericton-mise-sur-les-forets-nourricieres-pour-renforcer-sa-resilience-climatique\\\/#mainImage\"},\"datePublished\":\"2026-06-17T10:59:02-04:00\",\"dateModified\":\"2026-09-03T14:34:14-04:00\"},{\"@type\":\"WebSite\",\"@id\":\"https:\\\/\\\/canue.ca\\\/fr\\\/#website\",\"url\":\"https:\\\/\\\/canue.ca\\\/fr\\\/\",\"name\":\"CANUE\",\"description\":\"CANUE d\\u00e9veloppe et fournit des donn\\u00e9es environnementales pour soutenir la recherche en mati\\u00e8re de sant\\u00e9 \\u00e0 travers le Canada.\",\"inLanguage\":\"en-US\",\"publisher\":{\"@id\":\"https:\\\/\\\/canue.ca\\\/fr\\\/#organization\"}}]}\n\t\t<\/script>\n\t\t<!-- All in One SEO -->\n\n","aioseo_head_json":{"title":"Fredericton mise sur les for\u00eats nourrici\u00e8res pour renforcer sa r\u00e9silience climatique - CANUE","description":"Source de l\u2019image :Ville de Fredericton \u2013 plantation d\u2019arbresTexte \u00e9crit par Kim Perrotta MHSc En 2025, la Ville de Fredericton a lanc\u00e9 un nouveau projet pilote de for\u00eat nourrici\u00e8re en r\u00e9ponse aux demandes de la communaut\u00e9. L\u2019objectif est de planter des arbres fruitiers dans les parcs \u00e0 l\u2019usage de la communaut\u00e9. Ce programme d\u00e9coule du","canonical_url":"https:\/\/canue.ca\/fr\/fredericton-mise-sur-les-forets-nourricieres-pour-renforcer-sa-resilience-climatique\/","robots":"max-image-preview:large","keywords":"","webmasterTools":{"miscellaneous":""},"schema":{"@context":"https:\/\/schema.org","@graph":[{"@type":"BlogPosting","@id":"https:\/\/canue.ca\/fr\/fredericton-mise-sur-les-forets-nourricieres-pour-renforcer-sa-resilience-climatique\/#blogposting","name":"Fredericton mise sur les for\u00eats nourrici\u00e8res pour renforcer sa r\u00e9silience climatique - CANUE","headline":"Fredericton mise sur les for\u00eats nourrici\u00e8res pour renforcer sa r\u00e9silience climatique","author":{"@id":"https:\/\/canue.ca\/fr\/author\/7f14ca67db6c1fe5\/#author"},"publisher":{"@id":"https:\/\/canue.ca\/fr\/#organization"},"image":{"@type":"ImageObject","url":"https:\/\/canue.ca\/fr\/wp-content\/uploads\/2026\/09\/Fredericton-Planting-Fruit-Trees-1.jpeg","width":1542,"height":2048},"datePublished":"2026-06-17T10:59:02-04:00","dateModified":"2026-09-03T14:34:14-04:00","inLanguage":"en-US","mainEntityOfPage":{"@id":"https:\/\/canue.ca\/fr\/fredericton-mise-sur-les-forets-nourricieres-pour-renforcer-sa-resilience-climatique\/#webpage"},"isPartOf":{"@id":"https:\/\/canue.ca\/fr\/fredericton-mise-sur-les-forets-nourricieres-pour-renforcer-sa-resilience-climatique\/#webpage"},"articleSection":"Villes et climat \u00c9tudes de cas"},{"@type":"BreadcrumbList","@id":"https:\/\/canue.ca\/fr\/fredericton-mise-sur-les-forets-nourricieres-pour-renforcer-sa-resilience-climatique\/#breadcrumblist","itemListElement":[{"@type":"ListItem","@id":"https:\/\/canue.ca\/fr#listItem","position":1,"name":"Home","item":"https:\/\/canue.ca\/fr","nextItem":{"@type":"ListItem","@id":"https:\/\/canue.ca\/fr\/category\/case-studies\/#listItem","name":"Villes et climat \u00c9tudes de cas"}},{"@type":"ListItem","@id":"https:\/\/canue.ca\/fr\/category\/case-studies\/#listItem","position":2,"name":"Villes et climat \u00c9tudes de cas","item":"https:\/\/canue.ca\/fr\/category\/case-studies\/","nextItem":{"@type":"ListItem","@id":"https:\/\/canue.ca\/fr\/fredericton-mise-sur-les-forets-nourricieres-pour-renforcer-sa-resilience-climatique\/#listItem","name":"Fredericton mise sur les for\u00eats nourrici\u00e8res pour renforcer sa r\u00e9silience climatique"},"previousItem":{"@type":"ListItem","@id":"https:\/\/canue.ca\/fr#listItem","name":"Home"}},{"@type":"ListItem","@id":"https:\/\/canue.ca\/fr\/fredericton-mise-sur-les-forets-nourricieres-pour-renforcer-sa-resilience-climatique\/#listItem","position":3,"name":"Fredericton mise sur les for\u00eats nourrici\u00e8res pour renforcer sa r\u00e9silience climatique","previousItem":{"@type":"ListItem","@id":"https:\/\/canue.ca\/fr\/category\/case-studies\/#listItem","name":"Villes et climat \u00c9tudes de cas"}}]},{"@type":"Organization","@id":"https:\/\/canue.ca\/fr\/#organization","name":"CANUE","description":"CANUE d\u00e9veloppe et fournit des donn\u00e9es environnementales pour soutenir la recherche en mati\u00e8re de sant\u00e9 \u00e0 travers le Canada.","url":"https:\/\/canue.ca\/fr\/","logo":{"@type":"ImageObject","url":"https:\/\/canue.ca\/fr\/wp-content\/uploads\/2024\/07\/CANUE-Logo-Outlined.svg","@id":"https:\/\/canue.ca\/fr\/fredericton-mise-sur-les-forets-nourricieres-pour-renforcer-sa-resilience-climatique\/#organizationLogo","width":121,"height":120},"image":{"@id":"https:\/\/canue.ca\/fr\/fredericton-mise-sur-les-forets-nourricieres-pour-renforcer-sa-resilience-climatique\/#organizationLogo"},"sameAs":["https:\/\/twitter.com\/CANUEConsortium","https:\/\/www.youtube.com\/channel\/UClPtl085m2d6eTHTNkVm94w"]},{"@type":"Person","@id":"https:\/\/canue.ca\/fr\/author\/7f14ca67db6c1fe5\/#author","url":"https:\/\/canue.ca\/fr\/author\/7f14ca67db6c1fe5\/","name":"Marie Admin","image":{"@type":"ImageObject","@id":"https:\/\/canue.ca\/fr\/fredericton-mise-sur-les-forets-nourricieres-pour-renforcer-sa-resilience-climatique\/#authorImage","url":"https:\/\/secure.gravatar.com\/avatar\/e303344f74b45d9762c7bd7518c6146440258d979a8d4b0872b9170758b99888?s=96&d=mm&r=g","width":96,"height":96,"caption":"Marie Admin"}},{"@type":"WebPage","@id":"https:\/\/canue.ca\/fr\/fredericton-mise-sur-les-forets-nourricieres-pour-renforcer-sa-resilience-climatique\/#webpage","url":"https:\/\/canue.ca\/fr\/fredericton-mise-sur-les-forets-nourricieres-pour-renforcer-sa-resilience-climatique\/","name":"Fredericton mise sur les for\u00eats nourrici\u00e8res pour renforcer sa r\u00e9silience climatique - CANUE","description":"Source de l\u2019image :Ville de Fredericton \u2013 plantation d\u2019arbresTexte \u00e9crit par Kim Perrotta MHSc En 2025, la Ville de Fredericton a lanc\u00e9 un nouveau projet pilote de for\u00eat nourrici\u00e8re en r\u00e9ponse aux demandes de la communaut\u00e9. L\u2019objectif est de planter des arbres fruitiers dans les parcs \u00e0 l\u2019usage de la communaut\u00e9. Ce programme d\u00e9coule du","inLanguage":"en-US","isPartOf":{"@id":"https:\/\/canue.ca\/fr\/#website"},"breadcrumb":{"@id":"https:\/\/canue.ca\/fr\/fredericton-mise-sur-les-forets-nourricieres-pour-renforcer-sa-resilience-climatique\/#breadcrumblist"},"author":{"@id":"https:\/\/canue.ca\/fr\/author\/7f14ca67db6c1fe5\/#author"},"creator":{"@id":"https:\/\/canue.ca\/fr\/author\/7f14ca67db6c1fe5\/#author"},"image":{"@type":"ImageObject","url":"https:\/\/canue.ca\/fr\/wp-content\/uploads\/2026\/09\/Fredericton-Planting-Fruit-Trees-1.jpeg","@id":"https:\/\/canue.ca\/fr\/fredericton-mise-sur-les-forets-nourricieres-pour-renforcer-sa-resilience-climatique\/#mainImage","width":1542,"height":2048},"primaryImageOfPage":{"@id":"https:\/\/canue.ca\/fr\/fredericton-mise-sur-les-forets-nourricieres-pour-renforcer-sa-resilience-climatique\/#mainImage"},"datePublished":"2026-06-17T10:59:02-04:00","dateModified":"2026-09-03T14:34:14-04:00"},{"@type":"WebSite","@id":"https:\/\/canue.ca\/fr\/#website","url":"https:\/\/canue.ca\/fr\/","name":"CANUE","description":"CANUE d\u00e9veloppe et fournit des donn\u00e9es environnementales pour soutenir la recherche en mati\u00e8re de sant\u00e9 \u00e0 travers le Canada.","inLanguage":"en-US","publisher":{"@id":"https:\/\/canue.ca\/fr\/#organization"}}]},"og:locale":"en_US","og:site_name":"CANUE - CANUE d\u00e9veloppe et fournit des donn\u00e9es environnementales pour soutenir la recherche en mati\u00e8re de sant\u00e9 \u00e0 travers le Canada.","og:type":"article","og:title":"Fredericton mise sur les for\u00eats nourrici\u00e8res pour renforcer sa r\u00e9silience climatique - CANUE","og:description":"Source de l\u2019image :Ville de Fredericton \u2013 plantation d\u2019arbresTexte \u00e9crit par Kim Perrotta MHSc En 2025, la Ville de Fredericton a lanc\u00e9 un nouveau projet pilote de for\u00eat nourrici\u00e8re en r\u00e9ponse aux demandes de la communaut\u00e9. L\u2019objectif est de planter des arbres fruitiers dans les parcs \u00e0 l\u2019usage de la communaut\u00e9. Ce programme d\u00e9coule du","og:url":"https:\/\/canue.ca\/fr\/fredericton-mise-sur-les-forets-nourricieres-pour-renforcer-sa-resilience-climatique\/","og:image":"https:\/\/canue.ca\/fr\/wp-content\/uploads\/2024\/07\/CANUE-Logo-Outlined.svg","og:image:secure_url":"https:\/\/canue.ca\/fr\/wp-content\/uploads\/2024\/07\/CANUE-Logo-Outlined.svg","og:image:width":121,"og:image:height":120,"article:published_time":"2026-06-17T14:59:02+00:00","article:modified_time":"2026-09-03T18:34:14+00:00","twitter:card":"summary_large_image","twitter:site":"@CANUEConsortium","twitter:title":"Fredericton mise sur les for\u00eats nourrici\u00e8res pour renforcer sa r\u00e9silience climatique - CANUE","twitter:description":"Source de l\u2019image :Ville de Fredericton \u2013 plantation d\u2019arbresTexte \u00e9crit par Kim Perrotta MHSc En 2025, la Ville de Fredericton a lanc\u00e9 un nouveau projet pilote de for\u00eat nourrici\u00e8re en r\u00e9ponse aux demandes de la communaut\u00e9. L\u2019objectif est de planter des arbres fruitiers dans les parcs \u00e0 l\u2019usage de la communaut\u00e9. Ce programme d\u00e9coule du","twitter:creator":"@CANUEConsortium","twitter:image":"https:\/\/canue.ca\/fr\/wp-content\/uploads\/2024\/07\/CANUE-Logo-Outlined.svg"},"aioseo_meta_data":{"post_id":"11043","title":null,"description":null,"keywords":null,"keyphrases":{"focus":{"keyphrase":"","score":0,"analysis":{"keyphraseInTitle":{"score":0,"maxScore":9,"error":1}}},"additional":[]},"primary_term":null,"canonical_url":null,"og_title":null,"og_description":null,"og_object_type":"default","og_image_type":"default","og_image_url":null,"og_image_width":null,"og_image_height":null,"og_image_custom_url":null,"og_image_custom_fields":null,"og_video":"","og_custom_url":null,"og_article_section":null,"og_article_tags":null,"twitter_use_og":false,"twitter_card":"default","twitter_image_type":"default","twitter_image_url":null,"twitter_image_custom_url":null,"twitter_image_custom_fields":null,"twitter_title":null,"twitter_description":null,"schema":{"blockGraphs":[],"customGraphs":[],"default":{"data":{"Article":[],"Course":[],"Dataset":[],"FAQPage":[],"Movie":[],"Person":[],"Product":[],"ProductReview":[],"Car":[],"Recipe":[],"Service":[],"SoftwareApplication":[],"WebPage":[]},"graphName":"BlogPosting","isEnabled":true},"graphs":[]},"schema_type":"default","schema_type_options":null,"pillar_content":false,"robots_default":true,"robots_noindex":false,"robots_noarchive":false,"robots_nosnippet":false,"robots_nofollow":false,"robots_noimageindex":false,"robots_noodp":false,"robots_notranslate":false,"robots_max_snippet":"-1","robots_max_videopreview":"-1","robots_max_imagepreview":"large","priority":null,"frequency":"default","local_seo":null,"breadcrumb_settings":null,"limit_modified_date":false,"ai":{"faqs":[],"keyPoints":[],"schemas":[],"titles":[],"descriptions":[],"socialPosts":{"email":{"subject":"","preview":"","content":""},"linkedin":[],"twitter":[],"facebook":[],"instagram":[]}},"created":"2026-09-03 14:45:52","updated":"2026-09-04 02:24:54","seo_analyzer_scan_date":null,"focus_keyword":null,"additional_keywords":null,"truseo_locale":null},"aioseo_breadcrumb":"<div class=\"aioseo-breadcrumbs\"><span class=\"aioseo-breadcrumb\">\n\t\t\t<a href=\"https:\/\/canue.ca\/fr\" title=\"Home\">Home<\/a>\n\t\t<\/span><span class=\"aioseo-breadcrumb-separator\">&raquo;<\/span><span class=\"aioseo-breadcrumb\">\n\t\t\t<a href=\"https:\/\/canue.ca\/fr\/category\/case-studies\/\" title=\"Villes et climat \u00c9tudes de cas\">Villes et climat \u00c9tudes de cas<\/a>\n\t\t<\/span><span class=\"aioseo-breadcrumb-separator\">&raquo;<\/span><span class=\"aioseo-breadcrumb\">\n\t\t\tFredericton mise sur les for\u00eats nourrici\u00e8res pour renforcer sa r\u00e9silience climatique\n\t\t<\/span><\/div>","aioseo_breadcrumb_json":[{"label":"Home","link":"https:\/\/canue.ca\/fr"},{"label":"Villes et climat \u00c9tudes de cas","link":"https:\/\/canue.ca\/fr\/category\/case-studies\/"},{"label":"Fredericton mise sur les for\u00eats nourrici\u00e8res pour renforcer sa r\u00e9silience climatique","link":"https:\/\/canue.ca\/fr\/fredericton-mise-sur-les-forets-nourricieres-pour-renforcer-sa-resilience-climatique\/"}],"_links":{"self":[{"href":"https:\/\/canue.ca\/fr\/wp-json\/wp\/v2\/posts\/11043","targetHints":{"allow":["GET"]}}],"collection":[{"href":"https:\/\/canue.ca\/fr\/wp-json\/wp\/v2\/posts"}],"about":[{"href":"https:\/\/canue.ca\/fr\/wp-json\/wp\/v2\/types\/post"}],"author":[{"embeddable":true,"href":"https:\/\/canue.ca\/fr\/wp-json\/wp\/v2\/users\/8"}],"replies":[{"embeddable":true,"href":"https:\/\/canue.ca\/fr\/wp-json\/wp\/v2\/comments?post=11043"}],"version-history":[{"count":8,"href":"https:\/\/canue.ca\/fr\/wp-json\/wp\/v2\/posts\/11043\/revisions"}],"predecessor-version":[{"id":11068,"href":"https:\/\/canue.ca\/fr\/wp-json\/wp\/v2\/posts\/11043\/revisions\/11068"}],"wp:featuredmedia":[{"embeddable":true,"href":"https:\/\/canue.ca\/fr\/wp-json\/wp\/v2\/media\/11050"}],"wp:attachment":[{"href":"https:\/\/canue.ca\/fr\/wp-json\/wp\/v2\/media?parent=11043"}],"wp:term":[{"taxonomy":"category","embeddable":true,"href":"https:\/\/canue.ca\/fr\/wp-json\/wp\/v2\/categories?post=11043"},{"taxonomy":"post_tag","embeddable":true,"href":"https:\/\/canue.ca\/fr\/wp-json\/wp\/v2\/tags?post=11043"}],"curies":[{"name":"wp","href":"https:\/\/api.w.org\/{rel}","templated":true}]}}